{"id":1664,"date":"2024-09-03T11:17:37","date_gmt":"2024-09-03T10:17:37","guid":{"rendered":"http:\/\/pedagog.zsme.pl\/aktualnosci\/?p=1664"},"modified":"2024-09-03T11:20:06","modified_gmt":"2024-09-03T10:20:06","slug":"1664","status":"publish","type":"post","link":"http:\/\/pedagog.zsme.pl\/aktualnosci\/2024\/09\/1664\/","title":{"rendered":"Rok szkolny 2024\/2025"},"content":{"rendered":"\n<figure class=\"wp-block-image\"><img decoding=\"async\" src=\"http:\/\/pedagog.zsme.pl\/wp-content\/uploads\/2017\/04\/plan.png\" alt=\"\"\/><\/figure>\n\n\n\n<header class=\"entry-header\">\n<h1>\u00a0<\/h1>\n<\/header>\n<p><b>Pedagog szkolny\u00a0 mgr Katarzyna Grzybek\u00a0 serdecznie zaprasza do wsp\u00f3\u0142pracy uczni\u00f3w, rodzic\u00f3w i nauczycieli.<\/b><\/p>\n<p><strong>Plan pracy w roku szkolnym 2024\/2025<\/strong><\/p>\n<p><strong>PONIEDZIA\u0141EK\u00a0 \u00a0 \u00a0 \u00a0 \u00a0 \u00a08:00-15:00<\/strong><\/p>\n<p><strong>WTOREK\u00a0 \u00a0 \u00a0 \u00a0 \u00a0 \u00a0 \u00a0 \u00a0 \u00a0 \u00a0 \u00a08:00-15:00<\/strong><\/p>\n<p><strong>\u015aRODA\u00a0 \u00a0 \u00a0 \u00a0 \u00a0 \u00a0 \u00a0 \u00a0 \u00a0 \u00a0 \u00a0 \u00a012:00-19:30<\/strong><\/p>\n<p><strong>CZWARTEK\u00a0 \u00a0 \u00a0 \u00a0 \u00a0 \u00a0 \u00a0 \u00a0 \u00a011:30-15:30<\/strong><\/p>\n<p><strong>PI\u0104TEK\u00a0 \u00a0 \u00a0 \u00a0 \u00a0 \u00a0 \u00a0 \u00a0 \u00a0 \u00a0 \u00a0 \u00a0 \u00a07:30-15:00<\/strong><\/p>\n","protected":false},"excerpt":{"rendered":"<p>\u00a0 Pedagog szkolny\u00a0 mgr Katarzyna Grzybek\u00a0 serdecznie zaprasza do wsp\u00f3\u0142pracy uczni\u00f3w, rodzic\u00f3w i nauczycieli. Plan pracy w roku szkolnym 2024\/2025 PONIEDZIA\u0141EK\u00a0 \u00a0 \u00a0 \u00a0 \u00a0 \u00a08:00-15:00 WTOREK\u00a0 \u00a0 \u00a0 \u00a0 \u00a0 \u00a0 \u00a0 \u00a0 \u00a0 \u00a0 \u00a08:00-15:00 \u015aRODA\u00a0 \u00a0 \u00a0 \u00a0 \u00a0 \u00a0 \u00a0 \u00a0 \u00a0 \u00a0 \u00a0 \u00a012:00-19:30 CZWARTEK\u00a0 \u00a0 \u00a0 \u00a0 \u00a0 \u00a0 &hellip; <a href=\"http:\/\/pedagog.zsme.pl\/aktualnosci\/2024\/09\/1664\/\" class=\"more-link\">Czytaj dalej<span class=\"screen-reader-text\"> Rok szkolny 2024\/2025<\/span><\/a><\/p>\n","protected":false},"author":6,"featured_media":0,"comment_status":"closed","ping_status":"closed","sticky":false,"template":"","format":"standard","meta":{"footnotes":""},"categories":[1],"tags":[],"_links":{"self":[{"href":"http:\/\/pedagog.zsme.pl\/aktualnosci\/wp-json\/wp\/v2\/posts\/1664"}],"collection":[{"href":"http:\/\/pedagog.zsme.pl\/aktualnosci\/wp-json\/wp\/v2\/posts"}],"about":[{"href":"http:\/\/pedagog.zsme.pl\/aktualnosci\/wp-json\/wp\/v2\/types\/post"}],"author":[{"embeddable":true,"href":"http:\/\/pedagog.zsme.pl\/aktualnosci\/wp-json\/wp\/v2\/users\/6"}],"replies":[{"embeddable":true,"href":"http:\/\/pedagog.zsme.pl\/aktualnosci\/wp-json\/wp\/v2\/comments?post=1664"}],"version-history":[{"count":2,"href":"http:\/\/pedagog.zsme.pl\/aktualnosci\/wp-json\/wp\/v2\/posts\/1664\/revisions"}],"predecessor-version":[{"id":1666,"href":"http:\/\/pedagog.zsme.pl\/aktualnosci\/wp-json\/wp\/v2\/posts\/1664\/revisions\/1666"}],"wp:attachment":[{"href":"http:\/\/pedagog.zsme.pl\/aktualnosci\/wp-json\/wp\/v2\/media?parent=1664"}],"wp:term":[{"taxonomy":"category","embeddable":true,"href":"http:\/\/pedagog.zsme.pl\/aktualnosci\/wp-json\/wp\/v2\/categories?post=1664"},{"taxonomy":"post_tag","embeddable":true,"href":"http:\/\/pedagog.zsme.pl\/aktualnosci\/wp-json\/wp\/v2\/tags?post=1664"}],"curies":[{"name":"wp","href":"https:\/\/api.w.org\/{rel}","templated":true}]}}